{"id":1444,"date":"2015-06-10T10:32:23","date_gmt":"2015-06-10T10:32:23","guid":{"rendered":"http:\/\/centolabeniculturali.it\/progettocentola\/?p=1444"},"modified":"2015-06-10T10:32:23","modified_gmt":"2015-06-10T10:32:23","slug":"mostra-fotografica-e-spazio-espositivo-sul-centenario-dellentrata-in-guerra-dell-italia-centola-23-maggio-2015","status":"publish","type":"post","link":"https:\/\/centolabeniculturali.it\/progettocentola\/documenti\/mostra-fotografica-e-spazio-espositivo-sul-centenario-dellentrata-in-guerra-dell-italia-centola-23-maggio-2015\/","title":{"rendered":"Mostra fotografica e spazio espositivo sul Centenario dell\u2019entrata in guerra dell\u2019 Italia (Centola, 23 maggio 2015)"},"content":{"rendered":"<p>Ottima. Senza mezzi termini. Ottima la Mostra fotografica e funzionale il nuovo spazio espositivo, realizzati dall\u2019Associazione Progetto Centola, presso il \u201cMuseo delle Testimonianze e della Memoria\u201d, a Centola. Tecnicamente ineccepibile, chiara, ordinata, leggibile, con contenuti coinvolgenti i visitatori paesani ma anche i loro accompagnatori.<\/p>\n<p>La Mostra, inaugurata il 23 maggio 2015, ha dato inizio a tre giorni di commemorazione del Centenario dell\u2019evento bellico, in chiave localistica ma in chiara sintonia con le iniziative in tutto il Paese. La Mostra, in ideale continuazione con le iniziative del 3-4 novembre 2014 (vedi Hermes.Campania, num. 3\/2014), \u00e8 stata seguita da una Conferenza\/Convegno che si \u00e8 tenuta il giorno dopo, il \u201cfatidico\u201d 24 maggio, su \u201cMaggio 1915 : radiose giornate?\u201d, e infine \u2013 il 25 maggio &#8211; dall\u2019 incontro\/premiazione dei migliori elaborati realizzati dagli alunni dell\u2019 Istituto Scolastico Comprensivo di Centola sulla Prima Guerra Mondiale.<\/p>\n<p>La Mostra e gli eventi della tre giorni sono stati curati dalla Associazione Progetto Centola, in collaborazione con il Comune di Centola, l\u2019Istituto Comprensivo Scolastico di Centola e l\u2019Universit\u00e0 di Salerno, con il patrocinio della Struttura di Missione per gli Anniversari di interesse nazionale della Presidenza del Consiglio dei Ministri, della Provincia di Salerno e del Parco Nazionale del Cilento \u2013 Vallo di Diano \u2013 Alburni.<\/p>\n<p>Rammarico solo per la mancata cerimonia di deposizione di una corona al Monumento ai Caduti : sarebbe stato un momento corale e all\u2019aperto, che avrebbe legato in modo simbolico ma concreto gli eventi di cento anni fa e di oggi e avrebbe, forse, coinvolto o almeno incuriosito anche qualcuno di quei giovani cui molti di queste iniziative si rivolgono \u2013 a loro insaputa..<\/p>\n<p>La Mostra, dunque.<\/p>\n<p>Definita dal Sindaco di Centola \u201cRisultato modello\u201d, ha inteso e intende rievocare il coinvolgimento dei soldati del Comune di Centola e delle loro famiglie nella tragedia dell\u2019inizio del secolo scorso. La Mostra \u00e8 frutto di una ricerca durata un anno, merito della costanza e della motivazione del Presidente dell\u2019Associazione Progetto Centola, Ezio Martuscelli e dei Soci tutti.<\/p>\n<p>In particolare, il Progetto espositivo, edito dall\u2019Associazione \u201cProgetto\u00a0 Centola\u201d, \u00e8 stato elaborato e curato da Ezio Martuscelli\u00a0 e\u00a0 Gino\u00a0 Bosi, con la collaborazione\u00a0 di\u00a0 Lello Riccio e il contribuito di Mariantonia Cammarano, Carmela Greco, Mauro Iorio , Maria Rosaria\u00a0 Lo Schiavo, Federica Martuscelli, Giovanni Profice\u00a0 e Paolino Vitolo.<\/p>\n<p>La realizzazione della Mostra ha comportato la raccolta \u2013 veramente famiglia per famiglia \u2013 di fotografie dei ragazzi soldato di 100 anni fa, di attestati, croci al merito, lettere, diari di guerra, cimeli. La collaborazione di numerose famiglie nella ricerca di fotografie e cimeli dei propri parenti e nella loro messa a disposizione della Mostra e del Museo, non solo \u00e8 stata \u2013 naturalmente \u2013 indispensabile, ma ha rappresentato un chiaro valore aggiunto per tutta l\u2019iniziativa. Immaginare le famiglie dell\u2019 intero Comune di Centola cercare nelle proprie case o chiedere a parenti spesso lontani, immagini remote, oggetti tornati urgenti dopo decenni, immagini reali e ricordi familiari. Queste stesse emozioni si sono ripetute all\u2019 inaugurazione della Mostra, dove i pi\u00f9 anziani, dopo aver ammirato le immagini, le lettere e i ricordi del proprio parente \u2013 nel puntuale allestimento curato dal pittore Gino Bosi \u2013 si spostavano verso gli altri pannelli e ricordavano quei visi di ventenni, che loro hanno conosciuto nell\u2019 et\u00e0 pi\u00f9 adulta. Ed era tutto un coro di : \u201cMa hai visto questo? Ti ricordi chi era? Ma questo con i baffetti non \u00e8 il cugino di\u2026, non \u00e8 quello emigrato a\u2026?\u201d, e via dicendo. Ricomponendo, oggi, una struttura familiare e paesana di 100 anni fa. Spesso non limitata agli anni della Guerra, ma ripresa con immagini dei decenni successivi.<\/p>\n<p>I visitatori pi\u00f9 giovani, a loro volta, cercavano di ricostruire le filiere familiari legandole ai ricordi personali di 3 generazioni pi\u00f9 tardi, ma soprattutto attraverso genitori e nonni, pi\u00f9 vicini al mondo di eventi, affetti ricordi, mostrati e stimolati dalla Mostra.<\/p>\n<p>E\u2019 la conferma di quanto scrivevo lo scorso novembre : le iniziative dell\u2019Associazione Progetto Centola consentono di passare dalla dimensione individuale, monofamiliare, dei ricordi e delle memorie, ad un approccio collettivo e comunitario.<\/p>\n<p>Di sicuro altre Mostre seguiranno, con impostazione simile ma date e scenari diversi, perch\u00e9, purtroppo, altre tragedie hanno segnato il Novecento, e la perseveranza dei responsabili del Progetto Centola non si fermer\u00e0 certo al 1915.<\/p>\n<p>Invitando chi pu\u00f2 a visitare lo spazio espositivo, arricchito dalle immagini e i cimeli di questa Mostra, concludo citando il Diario di Guerra del Tenente Medico e l\u2019 emozionante lettera di un padre alla ricerca del figlio soldato, di cui ha labili notizie evanescenti. Una lettera rispettosa, pudica, gonfia di dolore trattenuto a stento : si immaginano, 100 anni pi\u00f9 tardi, le labbra serrate di questo padre, che si sforza di non piangere, almeno fino al termine della sua lettera.<\/p>\n<p>E, infine, la frase del nipote di un soldato, in visita alla Mostra : \u201cMio nonno torn\u00f2, fortunatamente, ma non ha pi\u00f9 sorriso\u201d\u2026<\/p>\n<p>In sintonia totale con le finalit\u00e0 del Progetto Centola, questa Mostra rimarr\u00e0 presso il Museo in modo permanente. Come la Memoria.<\/p>\n<p>&nbsp;<\/p>\n<p style=\"text-align: right;\"><em><strong>Andrea Luise<\/strong><\/em><\/p>\n","protected":false},"excerpt":{"rendered":"<p>Ottima. Senza mezzi termini. Ottima la Mostra fotografica e funzionale il nuovo spazio espositivo, realizzati dall\u2019Associazione Progetto Centola, presso il \u201cMuseo delle Testimonianze e della Memoria\u201d, a Centola. Tecnicamente ineccepibile, chiara, ordinata, leggibile, con&#46;&#46;&#46;<\/p>\n","protected":false},"author":6,"featured_media":0,"comment_status":"open","ping_status":"closed","sticky":false,"template":"","format":"standard","meta":{"ngg_post_thumbnail":0,"footnotes":""},"categories":[21],"tags":[],"class_list":["post-1444","post","type-post","status-publish","format-standard","hentry","category-documenti"],"_links":{"self":[{"href":"https:\/\/centolabeniculturali.it\/progettocentola\/wp-json\/wp\/v2\/posts\/1444","targetHints":{"allow":["GET"]}}],"collection":[{"href":"https:\/\/centolabeniculturali.it\/progettocentola\/wp-json\/wp\/v2\/posts"}],"about":[{"href":"https:\/\/centolabeniculturali.it\/progettocentola\/wp-json\/wp\/v2\/types\/post"}],"author":[{"embeddable":true,"href":"https:\/\/centolabeniculturali.it\/progettocentola\/wp-json\/wp\/v2\/users\/6"}],"replies":[{"embeddable":true,"href":"https:\/\/centolabeniculturali.it\/progettocentola\/wp-json\/wp\/v2\/comments?post=1444"}],"version-history":[{"count":1,"href":"https:\/\/centolabeniculturali.it\/progettocentola\/wp-json\/wp\/v2\/posts\/1444\/revisions"}],"predecessor-version":[{"id":1445,"href":"https:\/\/centolabeniculturali.it\/progettocentola\/wp-json\/wp\/v2\/posts\/1444\/revisions\/1445"}],"wp:attachment":[{"href":"https:\/\/centolabeniculturali.it\/progettocentola\/wp-json\/wp\/v2\/media?parent=1444"}],"wp:term":[{"taxonomy":"category","embeddable":true,"href":"https:\/\/centolabeniculturali.it\/progettocentola\/wp-json\/wp\/v2\/categories?post=1444"},{"taxonomy":"post_tag","embeddable":true,"href":"https:\/\/centolabeniculturali.it\/progettocentola\/wp-json\/wp\/v2\/tags?post=1444"}],"curies":[{"name":"wp","href":"https:\/\/api.w.org\/{rel}","templated":true}]}}