{"id":2296,"date":"2016-07-10T09:50:01","date_gmt":"2016-07-10T09:50:01","guid":{"rendered":"http:\/\/centolabeniculturali.it\/progettocentola\/?p=2296"},"modified":"2016-11-06T12:55:52","modified_gmt":"2016-11-06T12:55:52","slug":"presentazione-del-libro-un-posto-chiamato-europa-di-gisella-forte","status":"publish","type":"post","link":"https:\/\/centolabeniculturali.it\/progettocentola\/in-evidenza\/presentazione-del-libro-un-posto-chiamato-europa-di-gisella-forte\/","title":{"rendered":"Presentazione del libro &#8220;In un posto chiamato Europa&#8221; di Gisella Forte"},"content":{"rendered":"<p align=\"justify\">Sabato 9 luglio 2016. \u00c8 sera a Centola, una calda sera d&#8217;estate. Molti hanno rinunciato alla cena, qualcuno \u00e8 appena tornato dal mare, altri hanno trascurato i soliti riti del sabato sera, per di pi\u00f9 estivo, ma la sala del Museo delle Testimonianze e della Memoria di Centola \u00e8 gremita. L&#8217;evento che ha richiamato tanto pubblico \u00e8 la presentazione del primo libro di una giovane scrittrice di Foria di Centola, Gisella Forte. Gisella, laureata in Scienze Politiche all&#8217;Universit\u00e0 di Bologna, \u00e8 appassionata di arte, storia, letteratura, fotografia, gatti e di tanto altro, ma soprattutto ama viaggiare e, pur adorando la sua terra di origine, il Cilento, si sente cittadina del mondo. In questo momento della sua vita abita a Barcellona, ma di frequente torna a Centola per rinsaldare le sue radici. Ed \u00e8 proprio in uno di questi ritorni che abbiamo avuto il piacere di conoscerla, in occasione della presentazione del suo primo libro, intitolato &#8220;In un posto chiamato Europa&#8221;.. L&#8217;Europa, centro di cultura e di civilt\u00e0, ma anche crocevia di migrazioni, di guerre, di sconvolgimenti, \u00e8 il palcoscenico su cui si svolgono le storie di personaggi &#8220;straordinariamente comuni&#8221;. Il libro \u00e8 costituito da dodici racconti, pi\u00f9 cinque cosiddetti &#8220;intermezzi di viaggio&#8221;, quasi a significare che tutto il lavoro di Gisella non \u00e8 altro che un viaggio, spesso profondamente anche se nascostamente autobiografico, viaggio in cui incontriamo i personaggi pi\u00f9 diversi, che hanno la ventura di trovarsi nella nostra Europa, vista in qualche modo come il centro del mondo, pur con le sue contraddizioni, i suoi errori e le sue promesse non mantenute.<\/p>\n<p align=\"justify\">Ma veniamo alla cronaca della serata. La conferenza, moderata da Maria Rosaria Lo Schiavo, \u00e8 stata aperta dal presidente dell\u2019Associazione Progetto Centola, che ha organizzato l\u2019evento. Subito dopo ha preso la parola il sindaco di Centola, Carmelo Stanziola, sempre presente e attento a questi eventi culturali. Si \u00e8 poi avuto lo splendido intervento della prof. Elena Paruolo, che ha analizzato il libro ed il suo contesto geografico e culturale, evidenziando i momenti pi\u00f9 toccanti, i personaggi pi\u00f9 particolari, le situazioni pi\u00f9 emozionanti. Ed infine, quando Maria Rosaria Lo Schiavo ha aperto il dibattito con il pubblico \u00e8 iniziata la parte pi\u00f9 interessante della serata, che si \u00e8 protratta a lungo, fin quasi alle ore piccole. Gisella Forte ha risposto ha tutti, con grazia, gentilezza e soprattutto cultura. Le parole che pi\u00f9 ci hanno toccato sono state quelle della risposta alla domanda di uno dei presenti che chiedeva come si fa a diventare scrittore. La risposta \u00e8 stata semplicemente \u201cLeggendo\u201d e Gisella ha evidentemente letto molto ed ora, con questa sua opera e con quelle che sicuramente seguiranno, ha cominciato ad elargire al mondo il patrimonio di cultura, di sensibilit\u00e0, di spirito, di amore che ha accumulato nella sua giovane esistenza.<\/p>\n<p align=\"right\"><i>Paolino Vitolo<\/i><\/p>\n<p style=\"text-align: center;\" align=\"right\"><a href=\"https:\/\/centolabeniculturali.it\/progettocentola\/wp-content\/uploads\/2016\/07\/locandina.jpg\"><img loading=\"lazy\" decoding=\"async\" class=\"alignnone size-medium wp-image-2297\" src=\"https:\/\/centolabeniculturali.it\/progettocentola\/wp-content\/uploads\/2016\/07\/locandina-217x300.jpg\" alt=\"locandina\" width=\"217\" height=\"300\" srcset=\"https:\/\/centolabeniculturali.it\/progettocentola\/wp-content\/uploads\/2016\/07\/locandina-217x300.jpg 217w, https:\/\/centolabeniculturali.it\/progettocentola\/wp-content\/uploads\/2016\/07\/locandina.jpg 387w\" sizes=\"auto, (max-width: 217px) 100vw, 217px\" \/><\/a><\/p>\n","protected":false},"excerpt":{"rendered":"<p>Sabato 9 luglio 2016. \u00c8 sera a Centola, una calda sera d&#8217;estate. Molti hanno rinunciato alla cena, qualcuno \u00e8 appena tornato dal mare, altri hanno trascurato i soliti riti del sabato sera, per di&#46;&#46;&#46;<\/p>\n","protected":false},"author":101011,"featured_media":2297,"comment_status":"open","ping_status":"closed","sticky":false,"template":"","format":"standard","meta":{"ngg_post_thumbnail":0,"footnotes":""},"categories":[21,6],"tags":[],"class_list":["post-2296","post","type-post","status-publish","format-standard","has-post-thumbnail","hentry","category-documenti","category-in-evidenza"],"_links":{"self":[{"href":"https:\/\/centolabeniculturali.it\/progettocentola\/wp-json\/wp\/v2\/posts\/2296","targetHints":{"allow":["GET"]}}],"collection":[{"href":"https:\/\/centolabeniculturali.it\/progettocentola\/wp-json\/wp\/v2\/posts"}],"about":[{"href":"https:\/\/centolabeniculturali.it\/progettocentola\/wp-json\/wp\/v2\/types\/post"}],"author":[{"embeddable":true,"href":"https:\/\/centolabeniculturali.it\/progettocentola\/wp-json\/wp\/v2\/users\/101011"}],"replies":[{"embeddable":true,"href":"https:\/\/centolabeniculturali.it\/progettocentola\/wp-json\/wp\/v2\/comments?post=2296"}],"version-history":[{"count":2,"href":"https:\/\/centolabeniculturali.it\/progettocentola\/wp-json\/wp\/v2\/posts\/2296\/revisions"}],"predecessor-version":[{"id":2401,"href":"https:\/\/centolabeniculturali.it\/progettocentola\/wp-json\/wp\/v2\/posts\/2296\/revisions\/2401"}],"wp:featuredmedia":[{"embeddable":true,"href":"https:\/\/centolabeniculturali.it\/progettocentola\/wp-json\/wp\/v2\/media\/2297"}],"wp:attachment":[{"href":"https:\/\/centolabeniculturali.it\/progettocentola\/wp-json\/wp\/v2\/media?parent=2296"}],"wp:term":[{"taxonomy":"category","embeddable":true,"href":"https:\/\/centolabeniculturali.it\/progettocentola\/wp-json\/wp\/v2\/categories?post=2296"},{"taxonomy":"post_tag","embeddable":true,"href":"https:\/\/centolabeniculturali.it\/progettocentola\/wp-json\/wp\/v2\/tags?post=2296"}],"curies":[{"name":"wp","href":"https:\/\/api.w.org\/{rel}","templated":true}]}}