{"id":2534,"date":"2017-08-13T23:09:53","date_gmt":"2017-08-13T23:09:53","guid":{"rendered":"http:\/\/centolabeniculturali.it\/progettocentola\/?p=2534"},"modified":"2017-08-13T23:09:53","modified_gmt":"2017-08-13T23:09:53","slug":"san-nicola-di-centola-presentazione-del-libro-di-ferdinando-de-luca","status":"publish","type":"post","link":"https:\/\/centolabeniculturali.it\/progettocentola\/in-evidenza\/san-nicola-di-centola-presentazione-del-libro-di-ferdinando-de-luca\/","title":{"rendered":"San Nicola di Centola. Presentazione del libro di Ferdinando De Luca"},"content":{"rendered":"<p>Arriviamo a San Nicola sul far della sera, dopo esserci districati a fatica dal traffico di Palinuro di inizio agosto, e l\u2019improvvisa quiete del paese sulla collina ci avvolge come una provvidenziale frescura. Ci inerpichiamo su una ripida salita e finalmente siamo davanti alla chiesa del paese nuovo, il cui campanile illuminato ci aveva fatto quasi da stella cometa nel cammino.<\/p>\n<p>Dopo una giornata rovente di questo agosto dominato dall\u2019anticiclone africano, notiamo con piacere che la \u201csala\u201d del convegno non \u00e8 una sala, ma un ampio spazio all\u2019aperto attrezzato con le sedie per il pubblico ed il palco dei relatori contornato da una fila di fiaccole accese. Volgendosi a destra, lo sguardo si riposa sulla vista del capo Palinuro tutto illuminato e una fresca brezza marina ci conforta e ci fa dimenticare il caldo del giorno ormai trascorso. Dietro al palco campeggia un grande schermo, dove durante tutto il convegno saranno proiettate antiche foto riferite a paesaggi e personaggi di San Nicola, provenienti dagli archivi dell\u2019Associazione Progetto Centola.<\/p>\n<p>Ma ormai sono le nove (il programma prevedeva l\u2019inizio alle 20,30) e si pu\u00f2 incominciare. Apre i lavori, come di consueto, il moderatore Ezio Martuscelli, presidente dell\u2019Associazione Progetto Centola, che passa senz\u2019altro la parola al sindaco di Centola, Carmelo Stanziola, che non manca mai a questi appuntamenti.<\/p>\n<p>Il sindaco esordisce dichiarandosi emozionato di trovarsi a San Nicola per la presentazione del libro capolavoro del professor De Luca, che racconta le origini, i ricordi, le passioni di questo splendido territorio.\u00a0 Esso ci d\u00e0 l\u2019opportunit\u00e0 di riflettere e di ritornare al passato. Ringrazia poi i bambini e tutte le persone che proprio a San Nicola si sono impegnati in uno splendido progetto, quello di adottare delle piante e dei fiori. Proprio i bambini, infatti, che rappresentano il futuro, capiscono come sia importante preservare e migliorare l\u2019ambiente del paese in cui si vive. Come quelli che a Centola, la sera prima e in solo mezzora, hanno ripulito le aiuole della piazza dalle erbacce. Il sindaco conclude dichiarando che la sua presenza al convegno era indispensabile, perch\u00e9 egli sente di avere un debito con San Nicola, che \u00e8 un posto incantato, come dimostra la magia di questa serata, con la sagoma del capo Palinuro a fare da sfondo alla piazza. Infine augura al prof. De Luca che questo libro non sia la conclusione, ma piuttosto l\u2019inizio di un percorso.<\/p>\n<p>Riprende la parola Ezio Martuscelli, che descrive la struttura del libro \u201cSan Nicola di Centola\u201d. Esso \u00e8 diviso in tre parti. La prima parla dei ricordi del passato e di come si viveva a San Nicola. Questa parte sar\u00e0 trattata dallo stesso prof. Martuscelli. La seconda parte che tratta delle origini e della storia di San Nicola, sar\u00e0 invece trattata dal relatore prof. Amedeo La Greca, presidente del C.P.C. per il Cilento. Infine, la terza parte che parla della frana che nel 1963 sconvolse e spezz\u00f2 la vita e il tessuto stesso del paese, sar\u00e0 trattata dall\u2019ing. Nicola Vigorito, referente dell\u2019Associazione per San Nicola.<\/p>\n<h2>Parte I \u2013 Come si viveva a san Nicola (Ezio Martuscelli)<\/h2>\n<p>C\u2019era una volta un paese lungo e stretto, un borgo costruito con la calce nera, dove, prima ancora della chiesa, c\u2019era una campana appesa a un olmo. L\u2019antica campana di San Nicola esiste ancora e le lettere incise sul bronzo la datano all\u2019A.D. 1695. Sono testimonianze di un passato ancora vivo nei ricordi dei pi\u00f9 anziani. A questo proposito Ezio Martuscelli fa una proposta a nome dell\u2019Associazione Progetto Centola: recuperare il borgo antico di San Nicola attraverso fotografie e documenti del passato, anche tratti da archivi e collezioni di famiglie del luogo, organizzando una mostra da inaugurare per il 6 dicembre prossimo, giorno della festa di San Nicola. A questa segue un\u2019altra proposta ancora pi\u00f9 interessante: l\u2019antica campanella del 1600 potrebbe essere recuperata e restaurata, per essere poi esposta in un luogo adeguato anche a beneficio delle nuove generazioni. \u00a0Il professor Martuscelli tocca poi un altro importante tema trattato nel libro: quello dell\u2019emigrazione. Gli emigranti partiti da San Nicola lavoravano soprattutto nelle miniere e con il loro duro lavoro assicuravano la sopravvivenza delle famiglie rimaste a casa. Infine un ricordo pi\u00f9 leggero: quello dei giovani sannicolesi che andavano al mare a Capo d\u2019Arena a piedi, perch\u00e9 non c\u2019era la strada. Gi\u00f9 a Capo d\u2019Arena c\u2019era un canneto usato come spogliatoio per cambiarsi e mettersi in costume. Il canneto naturalmente era rigorosamente diviso in zona maschile e zone femminile e spesso capitava che i maschietti gettassero lo sguardo attraverso le canne verso la zona femminile, nella speranza di cogliere qualche piacevole visione.<\/p>\n<p>AL termine dell\u2019intervento di Ezio Martuscelli si passa ad un interludio poetico. La giovane signora Francesca Iorio recita una bellissima poesia dell\u2019autore del libro, dedicata al minatore, a ricordo proprio dei numerosi emigranti di San Nicola che lavorarono nelle miniere in varie parti del mondo.<\/p>\n<h2>Parte II \u2013 Storia di san Nicola (Amedeo La Greca)<\/h2>\n<p>Inizia a questo punto la dotta disquisizione di Amedeo La Greca, che tratta compiutamente della storia di san Nicola, dalla nascita del borgo fino ai giorni nostri. Il villaggio sorse intorno alla chiesa bizantina di San Nicola di Mira, chiamato poi di Bari dopo che i crociati ne ebbero portato le spoglie in quella citt\u00e0. All\u2019inizio si trattava di un luogo di culto di rito greco, solo in seguito trasformato in rito latino. Intorno al 1600 il Vaticano acconsent\u00ec alla fondazione di una nuova chiesa e di un villaggio su un terreno di sua propriet\u00e0. La tradizione greca, pur soppiantata ufficialmente da quella latina, sopravvisse ancora per un secolo, tanto \u00e8 vero che alla fine del \u2018600 il vescovo di Rofrano bruci\u00f2 pubblicamente in un rogo gli antichi testi greci del territorio. I dettami del Concilio di Trento del 1543, che sono ancora oggi alla base dell\u2019attuale normativa ecclesiastica, furono disattesi per oltre cento anni, fino all\u2019avvento di San Gaetano di Thiene, che con le sue opere di carit\u00e0 contribu\u00ec all\u2019instaurazione del nuovo culto latino. San Gaetano cre\u00f2 infatti la Confraternita dei Bianchi, che, con la sua assistenza ospedaliera e con le opere di carit\u00e0, cre\u00f2 un vero e proprio sistema sociale, ancora radicato nel territorio.<\/p>\n<p>Al termine dell\u2019intervento storico, la signora Licia Saturno recita un\u2019altra poesia in vernacolo scritta da Ferdinando De Luca.<\/p>\n<h2>Parte III \u2013 La frana (Nicola Vigorito)<\/h2>\n<p>Nicola Vigorito illustra poi tutti gli eventi riguardanti la frana che negli anni \u201960 del secolo scorso sconvolsero la vita del villaggio di San Nicola. Le prime avvisaglie del disastro si notavano molti decenni prima del fatidico ottobre 1963, tanto \u00e8 vero che gi\u00e0 nel 1902 alcuni parroci della zona denunciarono una situazione di pericolo. Altre denunce inascoltate si ebbero nel 1930. Poi, nel 1955, il sindaco dell\u2019epoca ordin\u00f2 la chiusura della chiesa per evidenti gravi lesioni. Infine nell\u2019autunno piovoso del 1963 si verific\u00f2 il disastro: gran parte dell\u2019antico borgo scivol\u00f2 a valle. Le autorit\u00e0 nazionali finalmente si mossero e il presidente Leone in persona invi\u00f2 il ministro Sullo sul territorio. Furono stanziati 350 milioni dell\u2019epoca per la ricostruzione e fu costituito un comitato cittadino per deciderne i tempi e i metodi. Dopo gli inevitabili contrasti, ritardi burocratici, ripensamenti, il paese fu ricostruito come appare oggi, con estensione est-ovest, a differenza dell\u2019antico borgo che aveva estensione nord-sud. Le baracche dei primi giorni dopo la frana sono scomparse ed anche il borgo antico sta rinascendo a nuova vita, come testimonia una serata come questa.<\/p>\n<p>Conclude il convegno la recitazione di un\u2019altra poesia in vernacolo di Ferdinando De Luca, splendidamente letta dalla signora Anna Vigorito.<\/p>\n<p>Segue il dibattito, con commenti compiaciuti ed entusiastici da parte dei numerosi convenuti, e poi un rinfresco, a suggello di una serata bella e interessante, che testimonia la vitalit\u00e0 di un territorio che, novella fenice, \u00e8 stato capace di rinascere dalle rovine del passato.<\/p>\n<p><em>Paolino Vitolo, socio Associazione \u201cProgetto Centola\u201d<\/em><\/p>\n<p><a href=\"https:\/\/centolabeniculturali.it\/progettocentola\/wp-content\/uploads\/2017\/08\/a-2.jpg\"><img loading=\"lazy\" decoding=\"async\" class=\"alignnone size-medium wp-image-2538\" src=\"https:\/\/centolabeniculturali.it\/progettocentola\/wp-content\/uploads\/2017\/08\/a-2-300x225.jpg\" alt=\"\" width=\"300\" height=\"225\" srcset=\"https:\/\/centolabeniculturali.it\/progettocentola\/wp-content\/uploads\/2017\/08\/a-2-300x225.jpg 300w, https:\/\/centolabeniculturali.it\/progettocentola\/wp-content\/uploads\/2017\/08\/a-2-768x576.jpg 768w, https:\/\/centolabeniculturali.it\/progettocentola\/wp-content\/uploads\/2017\/08\/a-2.jpg 1024w, https:\/\/centolabeniculturali.it\/progettocentola\/wp-content\/uploads\/2017\/08\/a-2-510x382.jpg 510w\" sizes=\"auto, (max-width: 300px) 100vw, 300px\" \/><\/a> <a href=\"https:\/\/centolabeniculturali.it\/progettocentola\/wp-content\/uploads\/2017\/08\/a-3.jpg\"><img loading=\"lazy\" decoding=\"async\" class=\"alignnone size-medium wp-image-2539\" src=\"https:\/\/centolabeniculturali.it\/progettocentola\/wp-content\/uploads\/2017\/08\/a-3-300x225.jpg\" alt=\"\" width=\"300\" height=\"225\" srcset=\"https:\/\/centolabeniculturali.it\/progettocentola\/wp-content\/uploads\/2017\/08\/a-3-300x225.jpg 300w, https:\/\/centolabeniculturali.it\/progettocentola\/wp-content\/uploads\/2017\/08\/a-3-768x576.jpg 768w, https:\/\/centolabeniculturali.it\/progettocentola\/wp-content\/uploads\/2017\/08\/a-3.jpg 1024w, https:\/\/centolabeniculturali.it\/progettocentola\/wp-content\/uploads\/2017\/08\/a-3-510x382.jpg 510w\" sizes=\"auto, (max-width: 300px) 100vw, 300px\" \/><\/a> <a href=\"https:\/\/centolabeniculturali.it\/progettocentola\/wp-content\/uploads\/2017\/08\/a-4.jpg\"><img loading=\"lazy\" decoding=\"async\" class=\"alignnone size-medium wp-image-2540\" src=\"https:\/\/centolabeniculturali.it\/progettocentola\/wp-content\/uploads\/2017\/08\/a-4-300x225.jpg\" alt=\"\" width=\"300\" height=\"225\" srcset=\"https:\/\/centolabeniculturali.it\/progettocentola\/wp-content\/uploads\/2017\/08\/a-4-300x225.jpg 300w, https:\/\/centolabeniculturali.it\/progettocentola\/wp-content\/uploads\/2017\/08\/a-4-768x576.jpg 768w, https:\/\/centolabeniculturali.it\/progettocentola\/wp-content\/uploads\/2017\/08\/a-4.jpg 1024w, https:\/\/centolabeniculturali.it\/progettocentola\/wp-content\/uploads\/2017\/08\/a-4-510x382.jpg 510w\" sizes=\"auto, (max-width: 300px) 100vw, 300px\" \/><\/a> <a href=\"https:\/\/centolabeniculturali.it\/progettocentola\/wp-content\/uploads\/2017\/08\/a-5.jpg\"><img loading=\"lazy\" decoding=\"async\" class=\"alignnone size-medium wp-image-2541\" src=\"https:\/\/centolabeniculturali.it\/progettocentola\/wp-content\/uploads\/2017\/08\/a-5-300x225.jpg\" alt=\"\" width=\"300\" height=\"225\" srcset=\"https:\/\/centolabeniculturali.it\/progettocentola\/wp-content\/uploads\/2017\/08\/a-5-300x225.jpg 300w, https:\/\/centolabeniculturali.it\/progettocentola\/wp-content\/uploads\/2017\/08\/a-5-768x576.jpg 768w, https:\/\/centolabeniculturali.it\/progettocentola\/wp-content\/uploads\/2017\/08\/a-5.jpg 1024w, https:\/\/centolabeniculturali.it\/progettocentola\/wp-content\/uploads\/2017\/08\/a-5-510x382.jpg 510w\" sizes=\"auto, (max-width: 300px) 100vw, 300px\" \/><\/a> <a href=\"https:\/\/centolabeniculturali.it\/progettocentola\/wp-content\/uploads\/2017\/08\/a-6.jpg\"><img loading=\"lazy\" decoding=\"async\" class=\"alignnone size-medium wp-image-2542\" src=\"https:\/\/centolabeniculturali.it\/progettocentola\/wp-content\/uploads\/2017\/08\/a-6-300x225.jpg\" alt=\"\" width=\"300\" height=\"225\" srcset=\"https:\/\/centolabeniculturali.it\/progettocentola\/wp-content\/uploads\/2017\/08\/a-6-300x225.jpg 300w, https:\/\/centolabeniculturali.it\/progettocentola\/wp-content\/uploads\/2017\/08\/a-6-768x576.jpg 768w, https:\/\/centolabeniculturali.it\/progettocentola\/wp-content\/uploads\/2017\/08\/a-6.jpg 1024w, https:\/\/centolabeniculturali.it\/progettocentola\/wp-content\/uploads\/2017\/08\/a-6-510x382.jpg 510w\" sizes=\"auto, (max-width: 300px) 100vw, 300px\" \/><\/a> <a href=\"https:\/\/centolabeniculturali.it\/progettocentola\/wp-content\/uploads\/2017\/08\/a-7.jpg\"><img loading=\"lazy\" decoding=\"async\" class=\"alignnone size-medium wp-image-2543\" src=\"https:\/\/centolabeniculturali.it\/progettocentola\/wp-content\/uploads\/2017\/08\/a-7-300x225.jpg\" alt=\"\" width=\"300\" height=\"225\" srcset=\"https:\/\/centolabeniculturali.it\/progettocentola\/wp-content\/uploads\/2017\/08\/a-7-300x225.jpg 300w, https:\/\/centolabeniculturali.it\/progettocentola\/wp-content\/uploads\/2017\/08\/a-7-768x576.jpg 768w, https:\/\/centolabeniculturali.it\/progettocentola\/wp-content\/uploads\/2017\/08\/a-7.jpg 1024w, https:\/\/centolabeniculturali.it\/progettocentola\/wp-content\/uploads\/2017\/08\/a-7-510x382.jpg 510w\" sizes=\"auto, (max-width: 300px) 100vw, 300px\" \/><\/a> <a href=\"https:\/\/centolabeniculturali.it\/progettocentola\/wp-content\/uploads\/2017\/08\/a-10.jpg\"><img loading=\"lazy\" decoding=\"async\" class=\"alignnone size-medium wp-image-2546\" src=\"https:\/\/centolabeniculturali.it\/progettocentola\/wp-content\/uploads\/2017\/08\/a-10-300x225.jpg\" alt=\"\" width=\"300\" height=\"225\" srcset=\"https:\/\/centolabeniculturali.it\/progettocentola\/wp-content\/uploads\/2017\/08\/a-10-300x225.jpg 300w, https:\/\/centolabeniculturali.it\/progettocentola\/wp-content\/uploads\/2017\/08\/a-10-768x576.jpg 768w, https:\/\/centolabeniculturali.it\/progettocentola\/wp-content\/uploads\/2017\/08\/a-10.jpg 1024w, https:\/\/centolabeniculturali.it\/progettocentola\/wp-content\/uploads\/2017\/08\/a-10-510x382.jpg 510w\" sizes=\"auto, (max-width: 300px) 100vw, 300px\" \/><\/a> <a href=\"https:\/\/centolabeniculturali.it\/progettocentola\/wp-content\/uploads\/2017\/08\/a-11.jpg\"><img loading=\"lazy\" decoding=\"async\" class=\"alignnone size-medium wp-image-2547\" src=\"https:\/\/centolabeniculturali.it\/progettocentola\/wp-content\/uploads\/2017\/08\/a-11-300x225.jpg\" alt=\"\" width=\"300\" height=\"225\" srcset=\"https:\/\/centolabeniculturali.it\/progettocentola\/wp-content\/uploads\/2017\/08\/a-11-300x225.jpg 300w, https:\/\/centolabeniculturali.it\/progettocentola\/wp-content\/uploads\/2017\/08\/a-11-768x576.jpg 768w, https:\/\/centolabeniculturali.it\/progettocentola\/wp-content\/uploads\/2017\/08\/a-11.jpg 1024w, https:\/\/centolabeniculturali.it\/progettocentola\/wp-content\/uploads\/2017\/08\/a-11-510x382.jpg 510w\" sizes=\"auto, (max-width: 300px) 100vw, 300px\" \/><\/a> <a href=\"https:\/\/centolabeniculturali.it\/progettocentola\/wp-content\/uploads\/2017\/08\/IMG_7109.jpg\"><img loading=\"lazy\" decoding=\"async\" class=\"alignnone size-medium wp-image-2549\" src=\"https:\/\/centolabeniculturali.it\/progettocentola\/wp-content\/uploads\/2017\/08\/IMG_7109-300x225.jpg\" alt=\"\" width=\"300\" height=\"225\" srcset=\"https:\/\/centolabeniculturali.it\/progettocentola\/wp-content\/uploads\/2017\/08\/IMG_7109-300x225.jpg 300w, https:\/\/centolabeniculturali.it\/progettocentola\/wp-content\/uploads\/2017\/08\/IMG_7109-768x576.jpg 768w, https:\/\/centolabeniculturali.it\/progettocentola\/wp-content\/uploads\/2017\/08\/IMG_7109.jpg 1024w, https:\/\/centolabeniculturali.it\/progettocentola\/wp-content\/uploads\/2017\/08\/IMG_7109-510x382.jpg 510w, https:\/\/centolabeniculturali.it\/progettocentola\/wp-content\/uploads\/2017\/08\/IMG_7109-1080x810.jpg 1080w\" sizes=\"auto, (max-width: 300px) 100vw, 300px\" \/><\/a> <a href=\"https:\/\/centolabeniculturali.it\/progettocentola\/wp-content\/uploads\/2017\/08\/IMG_7110.jpg\"><img loading=\"lazy\" decoding=\"async\" class=\"alignnone size-medium wp-image-2550\" src=\"https:\/\/centolabeniculturali.it\/progettocentola\/wp-content\/uploads\/2017\/08\/IMG_7110-300x225.jpg\" alt=\"\" width=\"300\" height=\"225\" srcset=\"https:\/\/centolabeniculturali.it\/progettocentola\/wp-content\/uploads\/2017\/08\/IMG_7110-300x225.jpg 300w, https:\/\/centolabeniculturali.it\/progettocentola\/wp-content\/uploads\/2017\/08\/IMG_7110-768x576.jpg 768w, https:\/\/centolabeniculturali.it\/progettocentola\/wp-content\/uploads\/2017\/08\/IMG_7110.jpg 1024w, https:\/\/centolabeniculturali.it\/progettocentola\/wp-content\/uploads\/2017\/08\/IMG_7110-510x382.jpg 510w, https:\/\/centolabeniculturali.it\/progettocentola\/wp-content\/uploads\/2017\/08\/IMG_7110-1080x810.jpg 1080w\" sizes=\"auto, (max-width: 300px) 100vw, 300px\" \/><\/a> <a href=\"https:\/\/centolabeniculturali.it\/progettocentola\/wp-content\/uploads\/2017\/08\/IMG_7111.jpg\"><img loading=\"lazy\" decoding=\"async\" class=\"alignnone size-medium wp-image-2551\" src=\"https:\/\/centolabeniculturali.it\/progettocentola\/wp-content\/uploads\/2017\/08\/IMG_7111-300x225.jpg\" alt=\"\" width=\"300\" height=\"225\" srcset=\"https:\/\/centolabeniculturali.it\/progettocentola\/wp-content\/uploads\/2017\/08\/IMG_7111-300x225.jpg 300w, https:\/\/centolabeniculturali.it\/progettocentola\/wp-content\/uploads\/2017\/08\/IMG_7111-768x576.jpg 768w, https:\/\/centolabeniculturali.it\/progettocentola\/wp-content\/uploads\/2017\/08\/IMG_7111.jpg 1024w, https:\/\/centolabeniculturali.it\/progettocentola\/wp-content\/uploads\/2017\/08\/IMG_7111-510x382.jpg 510w, https:\/\/centolabeniculturali.it\/progettocentola\/wp-content\/uploads\/2017\/08\/IMG_7111-1080x810.jpg 1080w\" sizes=\"auto, (max-width: 300px) 100vw, 300px\" \/><\/a> <a href=\"https:\/\/centolabeniculturali.it\/progettocentola\/wp-content\/uploads\/2017\/08\/IMG_7113.jpg\"><img loading=\"lazy\" decoding=\"async\" class=\"alignnone size-medium wp-image-2553\" src=\"https:\/\/centolabeniculturali.it\/progettocentola\/wp-content\/uploads\/2017\/08\/IMG_7113-300x225.jpg\" alt=\"\" width=\"300\" height=\"225\" srcset=\"https:\/\/centolabeniculturali.it\/progettocentola\/wp-content\/uploads\/2017\/08\/IMG_7113-300x225.jpg 300w, https:\/\/centolabeniculturali.it\/progettocentola\/wp-content\/uploads\/2017\/08\/IMG_7113-768x576.jpg 768w, https:\/\/centolabeniculturali.it\/progettocentola\/wp-content\/uploads\/2017\/08\/IMG_7113.jpg 1024w, https:\/\/centolabeniculturali.it\/progettocentola\/wp-content\/uploads\/2017\/08\/IMG_7113-510x382.jpg 510w, https:\/\/centolabeniculturali.it\/progettocentola\/wp-content\/uploads\/2017\/08\/IMG_7113-1080x810.jpg 1080w\" sizes=\"auto, (max-width: 300px) 100vw, 300px\" \/><\/a> <a href=\"https:\/\/centolabeniculturali.it\/progettocentola\/wp-content\/uploads\/2017\/08\/IMG_7117.jpg\"><img loading=\"lazy\" decoding=\"async\" class=\"alignnone size-medium wp-image-2557\" src=\"https:\/\/centolabeniculturali.it\/progettocentola\/wp-content\/uploads\/2017\/08\/IMG_7117-300x225.jpg\" alt=\"\" width=\"300\" height=\"225\" srcset=\"https:\/\/centolabeniculturali.it\/progettocentola\/wp-content\/uploads\/2017\/08\/IMG_7117-300x225.jpg 300w, https:\/\/centolabeniculturali.it\/progettocentola\/wp-content\/uploads\/2017\/08\/IMG_7117-768x576.jpg 768w, https:\/\/centolabeniculturali.it\/progettocentola\/wp-content\/uploads\/2017\/08\/IMG_7117.jpg 1024w, https:\/\/centolabeniculturali.it\/progettocentola\/wp-content\/uploads\/2017\/08\/IMG_7117-510x382.jpg 510w, https:\/\/centolabeniculturali.it\/progettocentola\/wp-content\/uploads\/2017\/08\/IMG_7117-1080x810.jpg 1080w\" sizes=\"auto, (max-width: 300px) 100vw, 300px\" \/><\/a><\/p>\n","protected":false},"excerpt":{"rendered":"<p>Arriviamo a San Nicola sul far della sera, dopo esserci districati a fatica dal traffico di Palinuro di inizio agosto, e l\u2019improvvisa quiete del paese sulla collina ci avvolge come una provvidenziale frescura. Ci&#46;&#46;&#46;<\/p>\n","protected":false},"author":101011,"featured_media":2535,"comment_status":"open","ping_status":"closed","sticky":false,"template":"","format":"standard","meta":{"ngg_post_thumbnail":0,"footnotes":""},"categories":[21,6,14],"tags":[],"class_list":["post-2534","post","type-post","status-publish","format-standard","has-post-thumbnail","hentry","category-documenti","category-in-evidenza","category-luoghi"],"_links":{"self":[{"href":"https:\/\/centolabeniculturali.it\/progettocentola\/wp-json\/wp\/v2\/posts\/2534","targetHints":{"allow":["GET"]}}],"collection":[{"href":"https:\/\/centolabeniculturali.it\/progettocentola\/wp-json\/wp\/v2\/posts"}],"about":[{"href":"https:\/\/centolabeniculturali.it\/progettocentola\/wp-json\/wp\/v2\/types\/post"}],"author":[{"embeddable":true,"href":"https:\/\/centolabeniculturali.it\/progettocentola\/wp-json\/wp\/v2\/users\/101011"}],"replies":[{"embeddable":true,"href":"https:\/\/centolabeniculturali.it\/progettocentola\/wp-json\/wp\/v2\/comments?post=2534"}],"version-history":[{"count":2,"href":"https:\/\/centolabeniculturali.it\/progettocentola\/wp-json\/wp\/v2\/posts\/2534\/revisions"}],"predecessor-version":[{"id":2558,"href":"https:\/\/centolabeniculturali.it\/progettocentola\/wp-json\/wp\/v2\/posts\/2534\/revisions\/2558"}],"wp:featuredmedia":[{"embeddable":true,"href":"https:\/\/centolabeniculturali.it\/progettocentola\/wp-json\/wp\/v2\/media\/2535"}],"wp:attachment":[{"href":"https:\/\/centolabeniculturali.it\/progettocentola\/wp-json\/wp\/v2\/media?parent=2534"}],"wp:term":[{"taxonomy":"category","embeddable":true,"href":"https:\/\/centolabeniculturali.it\/progettocentola\/wp-json\/wp\/v2\/categories?post=2534"},{"taxonomy":"post_tag","embeddable":true,"href":"https:\/\/centolabeniculturali.it\/progettocentola\/wp-json\/wp\/v2\/tags?post=2534"}],"curies":[{"name":"wp","href":"https:\/\/api.w.org\/{rel}","templated":true}]}}