{"id":2944,"date":"2018-11-11T13:39:24","date_gmt":"2018-11-11T13:39:24","guid":{"rendered":"http:\/\/centolabeniculturali.it\/progettocentola\/?p=2944"},"modified":"2018-11-11T13:40:10","modified_gmt":"2018-11-11T13:40:10","slug":"manifestazione-di-chiusura-del-ciclo-di-eventi-sulla-grande-guerra","status":"publish","type":"post","link":"https:\/\/centolabeniculturali.it\/progettocentola\/in-evidenza\/manifestazione-di-chiusura-del-ciclo-di-eventi-sulla-grande-guerra\/","title":{"rendered":"Manifestazione di chiusura del ciclo di eventi sulla Grande Guerra"},"content":{"rendered":"<p>Il 4 novembre scorso, con inizio alle ore 18,00, in occasione del centesimo anniversario della vittoria italiana nella grande guerra, presso la sede del Museo comunale delle Testimonianze e della Memoria, a conclusione delle molteplici iniziative che l\u2019Associazione \u201cProgetto Centola\u201d ha portato avanti nell\u2019ultimo quadriennio per ricordare quel disastroso tragico evento bellico, si \u00e8 tenuto un convegno finale avente come tema proprio le fasi conclusive del conflitto e la nostra vittoria finale; ha relazionato sull\u2019argomento con professionalit\u00e0 e fine senso storico il prof. Alfonso Conte dell\u2019Universit\u00e0 di Salerno.<\/p>\n<p><a href=\"https:\/\/centolabeniculturali.it\/progettocentola\/wp-content\/uploads\/2018\/11\/chiusura-eventi-grande-guerra.jpg\"><img loading=\"lazy\" decoding=\"async\" class=\"aligncenter size-large wp-image-2945\" src=\"https:\/\/centolabeniculturali.it\/progettocentola\/wp-content\/uploads\/2018\/11\/chiusura-eventi-grande-guerra-1024x768.jpg\" alt=\"\" width=\"1024\" height=\"768\" srcset=\"https:\/\/centolabeniculturali.it\/progettocentola\/wp-content\/uploads\/2018\/11\/chiusura-eventi-grande-guerra.jpg 1024w, https:\/\/centolabeniculturali.it\/progettocentola\/wp-content\/uploads\/2018\/11\/chiusura-eventi-grande-guerra-300x225.jpg 300w, https:\/\/centolabeniculturali.it\/progettocentola\/wp-content\/uploads\/2018\/11\/chiusura-eventi-grande-guerra-768x576.jpg 768w, https:\/\/centolabeniculturali.it\/progettocentola\/wp-content\/uploads\/2018\/11\/chiusura-eventi-grande-guerra-510x382.jpg 510w\" sizes=\"auto, (max-width: 1024px) 100vw, 1024px\" \/><\/a><\/p>\n<p>Dopo i saluti iniziali del Sindaco dott. Carmelo Stanziola e una breve relazione introduttiva del prof. Ezio Martuscelli, che ha magistralmente svolto la sua funzione di relatore, il prof. Conte ha dettagliatamente illustrato le fasi preparatorie e quelle conclusive dell\u2019ultima, vittoriosa battaglia, mettendo in evidenza il fatto che, dopo la disastrosa disfatta di Caporetto, la scelta strategica adottata dal Comando Supremo di attestarsi sulla linea del fiume Piave, adottando una tattica difensiva, si rivel\u00f2 una mossa vincente per le sorti della partecipazione italiana al promo conflitto mondiale. Un conflitto \u2013ha sottolineato il prof. Conte- in cui, nella maggior parte dei casi, gli eserciti che adottarono una strategia difensiva finirono per avere la meglio su quelli che si logorarono in inutili, sanguinosissime battaglie offensive, cos\u00ec come accadde sul fronte occidentale, dove le truppe franco-inglesi, gi\u00e0 prima dell\u2019intervento americano, resistettero vittoriosamente alle molteplici offensive sferrate per buona parte della guerra dall\u2019esercito tedesco.<\/p>\n<p>Egli ha ricordato anche che, dopo Caporetto, quando la disfatta finale sembrava imminente, alcune migliorie portate alla condizioni di vita dei combattenti in prima linea (rancio di migliore qualit\u00e0 e pi\u00f9 abbondante, licenze pi\u00f9 frequenti, aumento ancorch\u00e9 modesto della paga) contribuirono a risollevare il morale dei soldati, mentre si costitu\u00ec per la prima volta tra le forze politiche di varia provenienza, comprese quelle neutraliste, quella \u201cunion sacr\u00e9e\u201d che risvegli\u00f2 un sentimento dell\u2019amor patrio di stampo autenticamente risorgimentale.<\/p>\n<p>L\u2019Italia \u2013ha proseguito il prof. Conte- super\u00f2 in modo insperato quella tremenda prova, anche se la vittoria, i cui aspetti e meriti militari vennero ingigantiti dalla propaganda governativa ufficiale, ringalluzz\u00ec i movimenti e i partiti nazionalistici e accesamente interventisti, i quali pretendevano il rispetto assoluto di quanto era stato concordato con Francia e Inghilterra al tempo del Patto di Londra in termini di ingrandimenti territoriali. Poich\u00e9 ci\u00f2 non fu, almeno in parte, possibile per l\u2019opposizione del Presidente degli Stati Uniti d\u2019America Wilson, che difendeva il principio dell\u2019autodeterminazione dei popoli, nacque e si diffuse tra l\u2019opinione pubblica ad opera di dette forze il mito della cosiddetta \u201cvittoria mutilata\u201d, che segn\u00f2, insieme ad altre cause di ordine sociale ed economico, il tramonto della vecchia classe dirigente liberale, l\u2019inizio della crisi della fragile democrazia parlamentare italiana e cre\u00f2 le premesse per l\u2019avvento del fascismo.<\/p>\n<p>Terminata la conferenza del prof. Alfonso Conte tra gli applausi del pubblico presente, ha preso la parola il prof. Ezio Martuscelli, il quale, a nome di tutti i soci dell\u2019Associazione \u201cProgetto Centola\u201d, ha presentato e illustrato il il calendario iconografico 2019, di cui l\u2019Associazione ha curato la stampa dedicandolo ai caduti centolesi nella grande guerra.<\/p>\n<p>Il calendario \u2013egli ha sottolineato- vuole essere la testimonianza vivente del sangue versato da numerosi combattenti del capoluogo e delle frazioni, tra i quali non pochi contadini semianalfabeti o analfabeti del tutto, che hanno sacrificato la loro vita senza sapere bene in nome di quali ideali si stavano immolando. Nelle varie pagine del calendario \u2013ha ancora aggiunto il prof. Martuscelli- sono riportate parecchie foto che li ritraggono quasi sempre in divisa, alcune anche con familiari o commilitoni, cartoline postali inviate alla famiglia dalle zone di guerra, attestati di onorificenze ottenute a seguito di atti di eroismo compiuti in combattimento, documenti d\u2019identit\u00e0 personale: una ricca e preziosa documentazione gentilmente fornita da tante famiglie del territorio comunale, che ha reso possibile la predisposizione di detto calendario.<\/p>\n<p>Al termine del suo intervento, che ha chiuso i lavori della serata, il prof. Ezio Martuscelli \u00e8 stato calorosamente applaudito.<\/p>\n\n\t\t<style>\n\t\t\t#gallery-1 {\n\t\t\t\tmargin: auto;\n\t\t\t}\n\t\t\t#gallery-1 .gallery-item {\n\t\t\t\tfloat: left;\n\t\t\t\tmargin-top: 10px;\n\t\t\t\ttext-align: center;\n\t\t\t\twidth: 25%;\n\t\t\t}\n\t\t\t#gallery-1 img {\n\t\t\t\tborder: 2px solid #cfcfcf;\n\t\t\t}\n\t\t\t#gallery-1 .gallery-caption {\n\t\t\t\tmargin-left: 0;\n\t\t\t}\n\t\t\t\/* see gallery_shortcode() in wp-includes\/media.php *\/\n\t\t<\/style>\n\t\t<div id='gallery-1' class='gallery galleryid-2944 gallery-columns-4 gallery-size-thumbnail'><dl class='gallery-item'>\n\t\t\t<dt class='gallery-icon landscape'>\n\t\t\t\t<a href='https:\/\/centolabeniculturali.it\/progettocentola\/wp-content\/uploads\/2018\/11\/museo-memoria-centola-8.jpg'><img loading=\"lazy\" decoding=\"async\" width=\"150\" height=\"150\" src=\"https:\/\/centolabeniculturali.it\/progettocentola\/wp-content\/uploads\/2018\/11\/museo-memoria-centola-8-150x150.jpg\" class=\"attachment-thumbnail size-thumbnail\" alt=\"\" srcset=\"https:\/\/centolabeniculturali.it\/progettocentola\/wp-content\/uploads\/2018\/11\/museo-memoria-centola-8-150x150.jpg 150w, https:\/\/centolabeniculturali.it\/progettocentola\/wp-content\/uploads\/2018\/11\/museo-memoria-centola-8-144x144.jpg 144w\" sizes=\"auto, (max-width: 150px) 100vw, 150px\" \/><\/a>\n\t\t\t<\/dt><\/dl><dl class='gallery-item'>\n\t\t\t<dt class='gallery-icon landscape'>\n\t\t\t\t<a href='https:\/\/centolabeniculturali.it\/progettocentola\/wp-content\/uploads\/2018\/11\/museo-memoria-centola-9.jpg'><img loading=\"lazy\" decoding=\"async\" width=\"150\" height=\"150\" src=\"https:\/\/centolabeniculturali.it\/progettocentola\/wp-content\/uploads\/2018\/11\/museo-memoria-centola-9-150x150.jpg\" class=\"attachment-thumbnail size-thumbnail\" alt=\"\" srcset=\"https:\/\/centolabeniculturali.it\/progettocentola\/wp-content\/uploads\/2018\/11\/museo-memoria-centola-9-150x150.jpg 150w, https:\/\/centolabeniculturali.it\/progettocentola\/wp-content\/uploads\/2018\/11\/museo-memoria-centola-9-144x144.jpg 144w\" sizes=\"auto, (max-width: 150px) 100vw, 150px\" \/><\/a>\n\t\t\t<\/dt><\/dl><dl class='gallery-item'>\n\t\t\t<dt class='gallery-icon portrait'>\n\t\t\t\t<a href='https:\/\/centolabeniculturali.it\/progettocentola\/wp-content\/uploads\/2018\/11\/museo-memoria-centola-10.jpg'><img loading=\"lazy\" decoding=\"async\" width=\"150\" height=\"150\" src=\"https:\/\/centolabeniculturali.it\/progettocentola\/wp-content\/uploads\/2018\/11\/museo-memoria-centola-10-150x150.jpg\" class=\"attachment-thumbnail size-thumbnail\" alt=\"\" srcset=\"https:\/\/centolabeniculturali.it\/progettocentola\/wp-content\/uploads\/2018\/11\/museo-memoria-centola-10-150x150.jpg 150w, https:\/\/centolabeniculturali.it\/progettocentola\/wp-content\/uploads\/2018\/11\/museo-memoria-centola-10-144x144.jpg 144w\" sizes=\"auto, (max-width: 150px) 100vw, 150px\" \/><\/a>\n\t\t\t<\/dt><\/dl><dl class='gallery-item'>\n\t\t\t<dt class='gallery-icon landscape'>\n\t\t\t\t<a href='https:\/\/centolabeniculturali.it\/progettocentola\/wp-content\/uploads\/2018\/11\/museo-memoria-centola-11.jpg'><img loading=\"lazy\" decoding=\"async\" width=\"150\" height=\"150\" src=\"https:\/\/centolabeniculturali.it\/progettocentola\/wp-content\/uploads\/2018\/11\/museo-memoria-centola-11-150x150.jpg\" class=\"attachment-thumbnail size-thumbnail\" alt=\"\" srcset=\"https:\/\/centolabeniculturali.it\/progettocentola\/wp-content\/uploads\/2018\/11\/museo-memoria-centola-11-150x150.jpg 150w, https:\/\/centolabeniculturali.it\/progettocentola\/wp-content\/uploads\/2018\/11\/museo-memoria-centola-11-144x144.jpg 144w\" sizes=\"auto, (max-width: 150px) 100vw, 150px\" \/><\/a>\n\t\t\t<\/dt><\/dl><br style=\"clear: both\" \/><dl class='gallery-item'>\n\t\t\t<dt class='gallery-icon portrait'>\n\t\t\t\t<a href='https:\/\/centolabeniculturali.it\/progettocentola\/wp-content\/uploads\/2018\/11\/museo-memoria-centola-1.jpg'><img loading=\"lazy\" decoding=\"async\" width=\"150\" height=\"150\" src=\"https:\/\/centolabeniculturali.it\/progettocentola\/wp-content\/uploads\/2018\/11\/museo-memoria-centola-1-150x150.jpg\" class=\"attachment-thumbnail size-thumbnail\" alt=\"\" srcset=\"https:\/\/centolabeniculturali.it\/progettocentola\/wp-content\/uploads\/2018\/11\/museo-memoria-centola-1-150x150.jpg 150w, https:\/\/centolabeniculturali.it\/progettocentola\/wp-content\/uploads\/2018\/11\/museo-memoria-centola-1-144x144.jpg 144w\" sizes=\"auto, (max-width: 150px) 100vw, 150px\" \/><\/a>\n\t\t\t<\/dt><\/dl><dl class='gallery-item'>\n\t\t\t<dt class='gallery-icon landscape'>\n\t\t\t\t<a href='https:\/\/centolabeniculturali.it\/progettocentola\/wp-content\/uploads\/2018\/11\/museo-memoria-centola-2.jpg'><img loading=\"lazy\" decoding=\"async\" width=\"150\" height=\"150\" src=\"https:\/\/centolabeniculturali.it\/progettocentola\/wp-content\/uploads\/2018\/11\/museo-memoria-centola-2-150x150.jpg\" class=\"attachment-thumbnail size-thumbnail\" alt=\"\" srcset=\"https:\/\/centolabeniculturali.it\/progettocentola\/wp-content\/uploads\/2018\/11\/museo-memoria-centola-2-150x150.jpg 150w, https:\/\/centolabeniculturali.it\/progettocentola\/wp-content\/uploads\/2018\/11\/museo-memoria-centola-2-144x144.jpg 144w\" sizes=\"auto, (max-width: 150px) 100vw, 150px\" \/><\/a>\n\t\t\t<\/dt><\/dl><dl class='gallery-item'>\n\t\t\t<dt class='gallery-icon portrait'>\n\t\t\t\t<a href='https:\/\/centolabeniculturali.it\/progettocentola\/wp-content\/uploads\/2018\/11\/museo-memoria-centola-3.jpg'><img loading=\"lazy\" decoding=\"async\" width=\"150\" height=\"150\" src=\"https:\/\/centolabeniculturali.it\/progettocentola\/wp-content\/uploads\/2018\/11\/museo-memoria-centola-3-150x150.jpg\" class=\"attachment-thumbnail size-thumbnail\" alt=\"\" srcset=\"https:\/\/centolabeniculturali.it\/progettocentola\/wp-content\/uploads\/2018\/11\/museo-memoria-centola-3-150x150.jpg 150w, https:\/\/centolabeniculturali.it\/progettocentola\/wp-content\/uploads\/2018\/11\/museo-memoria-centola-3-144x144.jpg 144w\" sizes=\"auto, (max-width: 150px) 100vw, 150px\" \/><\/a>\n\t\t\t<\/dt><\/dl><dl class='gallery-item'>\n\t\t\t<dt class='gallery-icon landscape'>\n\t\t\t\t<a href='https:\/\/centolabeniculturali.it\/progettocentola\/wp-content\/uploads\/2018\/11\/museo-memoria-centola-4.jpg'><img loading=\"lazy\" decoding=\"async\" width=\"150\" height=\"150\" src=\"https:\/\/centolabeniculturali.it\/progettocentola\/wp-content\/uploads\/2018\/11\/museo-memoria-centola-4-150x150.jpg\" class=\"attachment-thumbnail size-thumbnail\" alt=\"\" srcset=\"https:\/\/centolabeniculturali.it\/progettocentola\/wp-content\/uploads\/2018\/11\/museo-memoria-centola-4-150x150.jpg 150w, https:\/\/centolabeniculturali.it\/progettocentola\/wp-content\/uploads\/2018\/11\/museo-memoria-centola-4-144x144.jpg 144w\" sizes=\"auto, (max-width: 150px) 100vw, 150px\" \/><\/a>\n\t\t\t<\/dt><\/dl><br style=\"clear: both\" \/><dl class='gallery-item'>\n\t\t\t<dt class='gallery-icon landscape'>\n\t\t\t\t<a href='https:\/\/centolabeniculturali.it\/progettocentola\/wp-content\/uploads\/2018\/11\/museo-memoria-centola-5.jpg'><img loading=\"lazy\" decoding=\"async\" width=\"150\" height=\"150\" src=\"https:\/\/centolabeniculturali.it\/progettocentola\/wp-content\/uploads\/2018\/11\/museo-memoria-centola-5-150x150.jpg\" class=\"attachment-thumbnail size-thumbnail\" alt=\"\" srcset=\"https:\/\/centolabeniculturali.it\/progettocentola\/wp-content\/uploads\/2018\/11\/museo-memoria-centola-5-150x150.jpg 150w, https:\/\/centolabeniculturali.it\/progettocentola\/wp-content\/uploads\/2018\/11\/museo-memoria-centola-5-144x144.jpg 144w\" sizes=\"auto, (max-width: 150px) 100vw, 150px\" \/><\/a>\n\t\t\t<\/dt><\/dl><dl class='gallery-item'>\n\t\t\t<dt class='gallery-icon landscape'>\n\t\t\t\t<a href='https:\/\/centolabeniculturali.it\/progettocentola\/wp-content\/uploads\/2018\/11\/museo-memoria-centola-6.jpg'><img loading=\"lazy\" decoding=\"async\" width=\"150\" height=\"150\" src=\"https:\/\/centolabeniculturali.it\/progettocentola\/wp-content\/uploads\/2018\/11\/museo-memoria-centola-6-150x150.jpg\" class=\"attachment-thumbnail size-thumbnail\" alt=\"\" srcset=\"https:\/\/centolabeniculturali.it\/progettocentola\/wp-content\/uploads\/2018\/11\/museo-memoria-centola-6-150x150.jpg 150w, https:\/\/centolabeniculturali.it\/progettocentola\/wp-content\/uploads\/2018\/11\/museo-memoria-centola-6-144x144.jpg 144w\" sizes=\"auto, (max-width: 150px) 100vw, 150px\" \/><\/a>\n\t\t\t<\/dt><\/dl><dl class='gallery-item'>\n\t\t\t<dt class='gallery-icon landscape'>\n\t\t\t\t<a href='https:\/\/centolabeniculturali.it\/progettocentola\/wp-content\/uploads\/2018\/11\/museo-memoria-centola-7.jpg'><img loading=\"lazy\" decoding=\"async\" width=\"150\" height=\"150\" src=\"https:\/\/centolabeniculturali.it\/progettocentola\/wp-content\/uploads\/2018\/11\/museo-memoria-centola-7-150x150.jpg\" class=\"attachment-thumbnail size-thumbnail\" alt=\"\" srcset=\"https:\/\/centolabeniculturali.it\/progettocentola\/wp-content\/uploads\/2018\/11\/museo-memoria-centola-7-150x150.jpg 150w, https:\/\/centolabeniculturali.it\/progettocentola\/wp-content\/uploads\/2018\/11\/museo-memoria-centola-7-144x144.jpg 144w\" sizes=\"auto, (max-width: 150px) 100vw, 150px\" \/><\/a>\n\t\t\t<\/dt><\/dl>\n\t\t\t<br style='clear: both' \/>\n\t\t<\/div>\n\n<p>Nel chiudere queste brevi note di cronaca sulla manifestazione conclusiva del lungo ciclo di eventi culturali dedicati a celebrare la ricorrenza del centenario della grande guerra, \u00e8 doveroso rimarcare l\u2019importanza della presenza a Centola del Museo delle Testimonianze e della Memoria, il cui allestimento nel corso degli anni \u00e8 stato reso possibile grazie all\u2019impegno profuso dai soci dell\u2019Associazione \u201cProgetto Centola\u201d, in modo particolare dal suo Presidente, e dalla disponibilit\u00e0 dimostrata da tanti concittadini nel fornire oggetti, attrezzi e documenti di ogni tipo. Il Museo attualmente rappresenta la memoria storica di tutto il comune di Centola; i vari ambienti di cui esso si compone offrono un ampio quadro di vicende e momenti della storia degli ultimi due secoli e del patrimonio artistico-culturale presente sul territorio centolese.<\/p>\n<p>Molto ben curata \u00e8 soprattutto la sezione dedicata alla civilt\u00e0 contadina per la ricca presenza di oggetti, arredi, strumenti e attrezzi di lavoro dell\u2019epoca; ma assai interessante \u00e8 pure quella che, soprattutto attraverso varie foto anche d\u2019epoca, mostra edifici religiosi, campanili, vecchi palazzi gentilizi, ruderi di castelli risalenti al Medioevo, suggestivi angoli dei centri storici del capoluogo e delle frazioni.<\/p>\n<p>Mi piace chiudere la presente, sintetica cronaca dell\u2019evento del 4 novembre scorso con l\u2019augurio, gi\u00e0 formulato dall\u2019amico Ezio, che il Museo comunale delle Testimonianze e della Memoria possa rappresentare nel tempo un punto di riferimento per ricerche e approfondimenti storico-culturali da parte di tutte le scolaresche degli istituti scolastici del circondario.<\/p>\n<p>&nbsp;<\/p>\n<h3 style=\"text-align: right;\">Ferdinando De Luca<\/h3>\n","protected":false},"excerpt":{"rendered":"<p>Il 4 novembre scorso, con inizio alle ore 18,00, in occasione del centesimo anniversario della vittoria italiana nella grande guerra, presso la sede del Museo comunale delle Testimonianze e della Memoria, a conclusione delle&#46;&#46;&#46;<\/p>\n","protected":false},"author":6,"featured_media":2945,"comment_status":"open","ping_status":"closed","sticky":false,"template":"","format":"standard","meta":{"ngg_post_thumbnail":0,"footnotes":""},"categories":[15,11,6,20,19],"tags":[],"class_list":["post-2944","post","type-post","status-publish","format-standard","has-post-thumbnail","hentry","category-eventi-e-storie","category-guerre-e-prigionia","category-in-evidenza","category-iniziative","category-news"],"_links":{"self":[{"href":"https:\/\/centolabeniculturali.it\/progettocentola\/wp-json\/wp\/v2\/posts\/2944","targetHints":{"allow":["GET"]}}],"collection":[{"href":"https:\/\/centolabeniculturali.it\/progettocentola\/wp-json\/wp\/v2\/posts"}],"about":[{"href":"https:\/\/centolabeniculturali.it\/progettocentola\/wp-json\/wp\/v2\/types\/post"}],"author":[{"embeddable":true,"href":"https:\/\/centolabeniculturali.it\/progettocentola\/wp-json\/wp\/v2\/users\/6"}],"replies":[{"embeddable":true,"href":"https:\/\/centolabeniculturali.it\/progettocentola\/wp-json\/wp\/v2\/comments?post=2944"}],"version-history":[{"count":1,"href":"https:\/\/centolabeniculturali.it\/progettocentola\/wp-json\/wp\/v2\/posts\/2944\/revisions"}],"predecessor-version":[{"id":2957,"href":"https:\/\/centolabeniculturali.it\/progettocentola\/wp-json\/wp\/v2\/posts\/2944\/revisions\/2957"}],"wp:featuredmedia":[{"embeddable":true,"href":"https:\/\/centolabeniculturali.it\/progettocentola\/wp-json\/wp\/v2\/media\/2945"}],"wp:attachment":[{"href":"https:\/\/centolabeniculturali.it\/progettocentola\/wp-json\/wp\/v2\/media?parent=2944"}],"wp:term":[{"taxonomy":"category","embeddable":true,"href":"https:\/\/centolabeniculturali.it\/progettocentola\/wp-json\/wp\/v2\/categories?post=2944"},{"taxonomy":"post_tag","embeddable":true,"href":"https:\/\/centolabeniculturali.it\/progettocentola\/wp-json\/wp\/v2\/tags?post=2944"}],"curies":[{"name":"wp","href":"https:\/\/api.w.org\/{rel}","templated":true}]}}